{"id":228,"date":"2017-11-18T14:57:45","date_gmt":"2017-11-18T14:57:45","guid":{"rendered":"https:\/\/www.iscap.pt\/streeartcei\/2017\/11\/18\/rota-de-vila-do-conde-rua-sonia-e-robert-delaunay\/"},"modified":"2024-10-10T19:27:59","modified_gmt":"2024-10-10T19:27:59","slug":"rota-de-vila-do-conde-rua-sonia-e-robert-delaunay","status":"publish","type":"post","link":"https:\/\/streetartcei.com\/en\/rota-de-vila-do-conde-rua-sonia-e-robert-delaunay\/","title":{"rendered":"Rua Sonia e Robert Delaunay"},"content":{"rendered":"<p>&nbsp;<\/p>\n\n\n\n<p class=\"has-text-align-center\"><iframe src=\"https:\/\/www.google.com\/maps\/d\/embed?mid=1csIaoZgsN4TEzWYp9_jkYLoRd7afWYt3\" width=\"600\" height=\"400\"><\/iframe><\/p>\n\n\n\n<figure class=\"wp-block-gallery has-nested-images columns-default is-cropped wp-block-gallery-1 is-layout-flex wp-block-gallery-is-layout-flex\">\n<figure class=\"wp-block-image size-full\"><a href=\"https:\/\/www.iscap.pt\/streeartcei\/wp-content\/uploads\/2024\/06\/Rua-Sonia-e-Robert-Delaunay.jpg\"><img fetchpriority=\"high\" decoding=\"async\" width=\"675\" height=\"900\" data-id=\"5592\" src=\"https:\/\/www.iscap.pt\/streeartcei\/wp-content\/uploads\/2024\/06\/Rua-Sonia-e-Robert-Delaunay.jpg\" alt=\"\" class=\"wp-image-5592\" srcset=\"https:\/\/streetartcei.com\/wp-content\/uploads\/2024\/06\/Rua-Sonia-e-Robert-Delaunay.jpg 675w, https:\/\/streetartcei.com\/wp-content\/uploads\/2024\/06\/Rua-Sonia-e-Robert-Delaunay-225x300.jpg 225w\" sizes=\"(max-width: 709px) 85vw, (max-width: 909px) 67vw, (max-width: 984px) 61vw, (max-width: 1362px) 45vw, 600px\" \/><\/a><\/figure>\n<\/figure>\n\n\n\n<p><\/p>\n\n\n\n<p>Clique <a href=\"http:\/\/www.cm-viladoconde.pt\" target=\"_blank\" rel=\"noopener\">aqui<\/a> para aceder ao website da C\u00e2mara Municipal de Vila do Conde<\/p>\n\n\n\n<p>Clique <a href=\"http:\/\/p3.publico.pt\/cultura\/exposicoes\/23640\/os-herois-nas-paredes-de-vila-do-conde\" target=\"_blank\" rel=\"noopener\">aqui<\/a> para aceder \u00e0 not\u00edcia &#8220;Os her\u00f3is nas paredes de Vila do Conde&#8221;, publicada no P3, a 18 de maio de 2017<\/p>\n\n\n\n<div class=\"wp-block-buttons is-layout-flex wp-block-buttons-is-layout-flex\">\n<div class=\"wp-block-button\"><a class=\"wp-block-button__link wp-element-button\" href=\"https:\/\/www.iscap.pt\/streeartcei\/wp-content\/uploads\/2017\/11\/Arte_Urbana_em_Vila_do_Conde.pdf\">Artigo: Arte Urbana Em Vila do Conde<\/a><\/div>\n<\/div>","protected":false},"excerpt":{"rendered":"<p>&nbsp; Clique aqui para aceder ao website da C\u00e2mara Municipal de Vila do Conde Clique aqui para aceder \u00e0 not\u00edcia &#8220;Os her\u00f3is nas paredes de Vila do Conde&#8221;, publicada no P3, a 18 de maio de 2017<\/p>","protected":false},"author":1,"featured_media":0,"comment_status":"open","ping_status":"open","sticky":false,"template":"","format":"standard","meta":{"_monsterinsights_skip_tracking":false,"_monsterinsights_sitenote_active":false,"_monsterinsights_sitenote_note":"","_monsterinsights_sitenote_category":0,"_jetpack_memberships_contains_paid_content":false,"footnotes":""},"categories":[16],"tags":[],"class_list":["post-228","post","type-post","status-publish","format-standard","hentry","category-rota-de-vila-do-conde"],"jetpack_featured_media_url":"","jetpack_sharing_enabled":true,"_links":{"self":[{"href":"https:\/\/streetartcei.com\/en\/wp-json\/wp\/v2\/posts\/228","targetHints":{"allow":["GET"]}}],"collection":[{"href":"https:\/\/streetartcei.com\/en\/wp-json\/wp\/v2\/posts"}],"about":[{"href":"https:\/\/streetartcei.com\/en\/wp-json\/wp\/v2\/types\/post"}],"author":[{"embeddable":true,"href":"https:\/\/streetartcei.com\/en\/wp-json\/wp\/v2\/users\/1"}],"replies":[{"embeddable":true,"href":"https:\/\/streetartcei.com\/en\/wp-json\/wp\/v2\/comments?post=228"}],"version-history":[{"count":6,"href":"https:\/\/streetartcei.com\/en\/wp-json\/wp\/v2\/posts\/228\/revisions"}],"predecessor-version":[{"id":14752,"href":"https:\/\/streetartcei.com\/en\/wp-json\/wp\/v2\/posts\/228\/revisions\/14752"}],"wp:attachment":[{"href":"https:\/\/streetartcei.com\/en\/wp-json\/wp\/v2\/media?parent=228"}],"wp:term":[{"taxonomy":"category","embeddable":true,"href":"https:\/\/streetartcei.com\/en\/wp-json\/wp\/v2\/categories?post=228"},{"taxonomy":"post_tag","embeddable":true,"href":"https:\/\/streetartcei.com\/en\/wp-json\/wp\/v2\/tags?post=228"}],"curies":[{"name":"wp","href":"https:\/\/api.w.org\/{rel}","templated":true}]}}