{"id":145,"date":"2017-11-18T14:57:45","date_gmt":"2017-11-18T14:57:45","guid":{"rendered":"https:\/\/www.iscap.pt\/streeartcei\/2017\/11\/18\/rota-de-vila-do-conde-mercado-municipal\/"},"modified":"2024-10-10T19:27:38","modified_gmt":"2024-10-10T19:27:38","slug":"rota-de-vila-do-conde-mercado-municipal","status":"publish","type":"post","link":"https:\/\/streetartcei.com\/en\/rota-de-vila-do-conde-mercado-municipal\/","title":{"rendered":"Mercado Municipal"},"content":{"rendered":"<p>&nbsp;<\/p>\n\n\n\n<p class=\"has-text-align-center\"><iframe src=\"https:\/\/www.google.com\/maps\/d\/embed?mid=1csIaoZgsN4TEzWYp9_jkYLoRd7afWYt3\" width=\"600\" height=\"400\"><\/iframe><\/p>\n\n\n\n<figure class=\"wp-block-gallery has-nested-images columns-4 is-cropped wp-block-gallery-1 is-layout-flex wp-block-gallery-is-layout-flex\">\n<figure class=\"wp-block-image size-medium\"><a href=\"https:\/\/www.iscap.pt\/streeartcei\/wp-content\/uploads\/2024\/06\/IMG_4750.jpg\"><img fetchpriority=\"high\" decoding=\"async\" width=\"225\" height=\"300\" data-id=\"5505\" src=\"https:\/\/www.iscap.pt\/streeartcei\/wp-content\/uploads\/2024\/06\/IMG_4750-225x300.jpg\" alt=\"\" class=\"wp-image-5505\" srcset=\"https:\/\/streetartcei.com\/wp-content\/uploads\/2024\/06\/IMG_4750-225x300.jpg 225w, https:\/\/streetartcei.com\/wp-content\/uploads\/2024\/06\/IMG_4750.jpg 675w\" sizes=\"(max-width: 225px) 85vw, 225px\" \/><\/a><\/figure>\n\n\n\n<figure class=\"wp-block-image size-medium\"><a href=\"https:\/\/www.iscap.pt\/streeartcei\/wp-content\/uploads\/2024\/06\/IMG_4743.jpg\"><img decoding=\"async\" width=\"300\" height=\"225\" data-id=\"5504\" src=\"https:\/\/www.iscap.pt\/streeartcei\/wp-content\/uploads\/2024\/06\/IMG_4743-300x225.jpg\" alt=\"\" class=\"wp-image-5504\" srcset=\"https:\/\/streetartcei.com\/wp-content\/uploads\/2024\/06\/IMG_4743-300x225.jpg 300w, https:\/\/streetartcei.com\/wp-content\/uploads\/2024\/06\/IMG_4743-768x576.jpg 768w, https:\/\/streetartcei.com\/wp-content\/uploads\/2024\/06\/IMG_4743.jpg 900w\" sizes=\"(max-width: 300px) 85vw, 300px\" \/><\/a><\/figure>\n\n\n\n<figure class=\"wp-block-image size-medium\"><a href=\"https:\/\/www.iscap.pt\/streeartcei\/wp-content\/uploads\/2024\/06\/IMG_4737.jpg\"><img decoding=\"async\" width=\"300\" height=\"225\" data-id=\"5503\" src=\"https:\/\/www.iscap.pt\/streeartcei\/wp-content\/uploads\/2024\/06\/IMG_4737-300x225.jpg\" alt=\"\" class=\"wp-image-5503\" srcset=\"https:\/\/streetartcei.com\/wp-content\/uploads\/2024\/06\/IMG_4737-300x225.jpg 300w, https:\/\/streetartcei.com\/wp-content\/uploads\/2024\/06\/IMG_4737-768x576.jpg 768w, https:\/\/streetartcei.com\/wp-content\/uploads\/2024\/06\/IMG_4737.jpg 900w\" sizes=\"(max-width: 300px) 85vw, 300px\" \/><\/a><\/figure>\n\n\n\n<figure class=\"wp-block-image size-medium\"><a href=\"https:\/\/www.iscap.pt\/streeartcei\/wp-content\/uploads\/2024\/06\/IMG_4735.jpg\"><img loading=\"lazy\" decoding=\"async\" width=\"300\" height=\"225\" data-id=\"5502\" src=\"https:\/\/www.iscap.pt\/streeartcei\/wp-content\/uploads\/2024\/06\/IMG_4735-300x225.jpg\" alt=\"\" class=\"wp-image-5502\" srcset=\"https:\/\/streetartcei.com\/wp-content\/uploads\/2024\/06\/IMG_4735-300x225.jpg 300w, https:\/\/streetartcei.com\/wp-content\/uploads\/2024\/06\/IMG_4735-768x576.jpg 768w, https:\/\/streetartcei.com\/wp-content\/uploads\/2024\/06\/IMG_4735.jpg 900w\" sizes=\"(max-width: 300px) 85vw, 300px\" \/><\/a><\/figure>\n<\/figure>\n\n\n\n<p><\/p>\n\n\n\n<p class=\"has-text-align-center\">Clique <a href=\"http:\/\/www.cm-viladoconde.pt\" target=\"_blank\" rel=\"noopener\">aqui<\/a> para aceder ao website da C\u00e2mara Municipal de Vila do Conde<\/p>\n\n\n\n<p>Clique <a href=\"http:\/\/p3.publico.pt\/cultura\/exposicoes\/23640\/os-herois-nas-paredes-de-vila-do-conde\" target=\"_blank\" rel=\"noopener\">aqui<\/a> para aceder \u00e0 not\u00edcia &#8220;Os her\u00f3is nas paredes de Vila do Conde&#8221;, publicada no P3, a 18 de maio de 2017<\/p>\n\n\n\n<div class=\"wp-block-buttons is-layout-flex wp-block-buttons-is-layout-flex\">\n<div class=\"wp-block-button\"><a class=\"wp-block-button__link wp-element-button\" href=\"https:\/\/www.iscap.pt\/streeartcei\/wp-content\/uploads\/2017\/11\/Arte_Urbana_em_Vila_do_Conde.pdf\">Artigo: Arte Urbana Em Vila do Conde<\/a><\/div>\n<\/div>","protected":false},"excerpt":{"rendered":"<p>&nbsp; Clique aqui para aceder ao website da C\u00e2mara Municipal de Vila do Conde Clique aqui para aceder \u00e0 not\u00edcia &#8220;Os her\u00f3is nas paredes de Vila do Conde&#8221;, publicada no P3, a 18 de maio de 2017<\/p>","protected":false},"author":1,"featured_media":0,"comment_status":"open","ping_status":"open","sticky":false,"template":"","format":"standard","meta":{"_monsterinsights_skip_tracking":false,"_monsterinsights_sitenote_active":false,"_monsterinsights_sitenote_note":"","_monsterinsights_sitenote_category":0,"_jetpack_memberships_contains_paid_content":false,"footnotes":""},"categories":[16],"tags":[],"class_list":["post-145","post","type-post","status-publish","format-standard","hentry","category-rota-de-vila-do-conde"],"jetpack_featured_media_url":"","jetpack_sharing_enabled":true,"_links":{"self":[{"href":"https:\/\/streetartcei.com\/en\/wp-json\/wp\/v2\/posts\/145","targetHints":{"allow":["GET"]}}],"collection":[{"href":"https:\/\/streetartcei.com\/en\/wp-json\/wp\/v2\/posts"}],"about":[{"href":"https:\/\/streetartcei.com\/en\/wp-json\/wp\/v2\/types\/post"}],"author":[{"embeddable":true,"href":"https:\/\/streetartcei.com\/en\/wp-json\/wp\/v2\/users\/1"}],"replies":[{"embeddable":true,"href":"https:\/\/streetartcei.com\/en\/wp-json\/wp\/v2\/comments?post=145"}],"version-history":[{"count":5,"href":"https:\/\/streetartcei.com\/en\/wp-json\/wp\/v2\/posts\/145\/revisions"}],"predecessor-version":[{"id":14749,"href":"https:\/\/streetartcei.com\/en\/wp-json\/wp\/v2\/posts\/145\/revisions\/14749"}],"wp:attachment":[{"href":"https:\/\/streetartcei.com\/en\/wp-json\/wp\/v2\/media?parent=145"}],"wp:term":[{"taxonomy":"category","embeddable":true,"href":"https:\/\/streetartcei.com\/en\/wp-json\/wp\/v2\/categories?post=145"},{"taxonomy":"post_tag","embeddable":true,"href":"https:\/\/streetartcei.com\/en\/wp-json\/wp\/v2\/tags?post=145"}],"curies":[{"name":"wp","href":"https:\/\/api.w.org\/{rel}","templated":true}]}}