{"id":144,"date":"2017-11-18T14:57:45","date_gmt":"2017-11-18T14:57:45","guid":{"rendered":"https:\/\/www.iscap.pt\/streeartcei\/2017\/11\/18\/rota-de-vila-do-conde-mural-das-caxias\/"},"modified":"2024-10-10T19:28:09","modified_gmt":"2024-10-10T19:28:09","slug":"rota-de-vila-do-conde-mural-das-caxias","status":"publish","type":"post","link":"https:\/\/streetartcei.com\/en\/rota-de-vila-do-conde-mural-das-caxias\/","title":{"rendered":"Mural das Caxinas"},"content":{"rendered":"<p>&nbsp;<\/p>\n\n\n\n<p class=\"has-text-align-center\"><iframe src=\"https:\/\/www.google.com\/maps\/d\/embed?mid=1csIaoZgsN4TEzWYp9_jkYLoRd7afWYt3\" width=\"600\" height=\"400\"><\/iframe><\/p>\n\n\n\n<figure class=\"wp-block-gallery has-nested-images columns-default is-cropped wp-block-gallery-1 is-layout-flex wp-block-gallery-is-layout-flex\">\n<figure class=\"wp-block-image size-medium\"><a href=\"https:\/\/www.iscap.pt\/streeartcei\/wp-content\/uploads\/2024\/06\/IMG_4722.jpg\"><img fetchpriority=\"high\" decoding=\"async\" width=\"300\" height=\"225\" data-id=\"5500\" src=\"https:\/\/www.iscap.pt\/streeartcei\/wp-content\/uploads\/2024\/06\/IMG_4722-300x225.jpg\" alt=\"\" class=\"wp-image-5500\" srcset=\"https:\/\/streetartcei.com\/wp-content\/uploads\/2024\/06\/IMG_4722-300x225.jpg 300w, https:\/\/streetartcei.com\/wp-content\/uploads\/2024\/06\/IMG_4722-768x576.jpg 768w, https:\/\/streetartcei.com\/wp-content\/uploads\/2024\/06\/IMG_4722.jpg 900w\" sizes=\"(max-width: 300px) 85vw, 300px\" \/><\/a><\/figure>\n\n\n\n<figure class=\"wp-block-image size-medium\"><a href=\"https:\/\/www.iscap.pt\/streeartcei\/wp-content\/uploads\/2024\/06\/IMG_4720.jpg\"><img decoding=\"async\" width=\"300\" height=\"225\" data-id=\"5499\" src=\"https:\/\/www.iscap.pt\/streeartcei\/wp-content\/uploads\/2024\/06\/IMG_4720-300x225.jpg\" alt=\"\" class=\"wp-image-5499\" srcset=\"https:\/\/streetartcei.com\/wp-content\/uploads\/2024\/06\/IMG_4720-300x225.jpg 300w, https:\/\/streetartcei.com\/wp-content\/uploads\/2024\/06\/IMG_4720-768x576.jpg 768w, https:\/\/streetartcei.com\/wp-content\/uploads\/2024\/06\/IMG_4720.jpg 900w\" sizes=\"(max-width: 300px) 85vw, 300px\" \/><\/a><\/figure>\n\n\n\n<figure class=\"wp-block-image size-medium\"><a href=\"https:\/\/www.iscap.pt\/streeartcei\/wp-content\/uploads\/2024\/06\/IMG_4719.jpg\"><img decoding=\"async\" width=\"300\" height=\"225\" data-id=\"5498\" src=\"https:\/\/www.iscap.pt\/streeartcei\/wp-content\/uploads\/2024\/06\/IMG_4719-300x225.jpg\" alt=\"\" class=\"wp-image-5498\" srcset=\"https:\/\/streetartcei.com\/wp-content\/uploads\/2024\/06\/IMG_4719-300x225.jpg 300w, https:\/\/streetartcei.com\/wp-content\/uploads\/2024\/06\/IMG_4719-768x576.jpg 768w, https:\/\/streetartcei.com\/wp-content\/uploads\/2024\/06\/IMG_4719.jpg 900w\" sizes=\"(max-width: 300px) 85vw, 300px\" \/><\/a><\/figure>\n\n\n\n<figure class=\"wp-block-image size-medium\"><a href=\"https:\/\/www.iscap.pt\/streeartcei\/wp-content\/uploads\/2024\/06\/IMG_4717.jpg\"><img loading=\"lazy\" decoding=\"async\" width=\"225\" height=\"300\" data-id=\"5497\" src=\"https:\/\/www.iscap.pt\/streeartcei\/wp-content\/uploads\/2024\/06\/IMG_4717-225x300.jpg\" alt=\"\" class=\"wp-image-5497\" srcset=\"https:\/\/streetartcei.com\/wp-content\/uploads\/2024\/06\/IMG_4717-225x300.jpg 225w, https:\/\/streetartcei.com\/wp-content\/uploads\/2024\/06\/IMG_4717.jpg 675w\" sizes=\"(max-width: 225px) 85vw, 225px\" \/><\/a><\/figure>\n\n\n\n<figure class=\"wp-block-image size-medium\"><a href=\"https:\/\/www.iscap.pt\/streeartcei\/wp-content\/uploads\/2024\/06\/IMG_4724.jpg\"><img loading=\"lazy\" decoding=\"async\" width=\"300\" height=\"225\" data-id=\"5501\" src=\"https:\/\/www.iscap.pt\/streeartcei\/wp-content\/uploads\/2024\/06\/IMG_4724-300x225.jpg\" alt=\"\" class=\"wp-image-5501\" srcset=\"https:\/\/streetartcei.com\/wp-content\/uploads\/2024\/06\/IMG_4724-300x225.jpg 300w, https:\/\/streetartcei.com\/wp-content\/uploads\/2024\/06\/IMG_4724-768x576.jpg 768w, https:\/\/streetartcei.com\/wp-content\/uploads\/2024\/06\/IMG_4724.jpg 900w\" sizes=\"(max-width: 300px) 85vw, 300px\" \/><\/a><\/figure>\n\n\n\n<figure class=\"wp-block-image size-medium\"><a href=\"https:\/\/www.iscap.pt\/streeartcei\/wp-content\/uploads\/2024\/06\/IMG_4711.jpg\"><img loading=\"lazy\" decoding=\"async\" width=\"300\" height=\"173\" data-id=\"5496\" src=\"https:\/\/www.iscap.pt\/streeartcei\/wp-content\/uploads\/2024\/06\/IMG_4711-300x173.jpg\" alt=\"\" class=\"wp-image-5496\" srcset=\"https:\/\/streetartcei.com\/wp-content\/uploads\/2024\/06\/IMG_4711-300x173.jpg 300w, https:\/\/streetartcei.com\/wp-content\/uploads\/2024\/06\/IMG_4711-768x442.jpg 768w, https:\/\/streetartcei.com\/wp-content\/uploads\/2024\/06\/IMG_4711.jpg 900w\" sizes=\"(max-width: 300px) 85vw, 300px\" \/><\/a><\/figure>\n<\/figure>\n\n\n\n<p>Clique <a href=\"http:\/\/www.cm-viladoconde.pt\" target=\"_blank\" rel=\"noopener\">aqui<\/a> para aceder ao website da C\u00e2mara Municipal de Vila do Conde<\/p>\n\n\n\n<p>Clique <a href=\"http:\/\/p3.publico.pt\/cultura\/exposicoes\/23640\/os-herois-nas-paredes-de-vila-do-conde\" target=\"_blank\" rel=\"noopener\">aqui<\/a> para aceder \u00e0 not\u00edcia &#8220;Os her\u00f3is nas paredes de Vila do Conde&#8221;, publicada no P3, a 18 de maio de 2017<\/p>\n\n\n\n<div class=\"wp-block-buttons is-layout-flex wp-block-buttons-is-layout-flex\">\n<div class=\"wp-block-button\"><a class=\"wp-block-button__link wp-element-button\" href=\"https:\/\/www.iscap.pt\/streeartcei\/wp-content\/uploads\/2017\/11\/Arte_Urbana_em_Vila_do_Conde.pdf\">Artigo: Arte Urbana em Vila do Conde<\/a><\/div>\n<\/div>\n\n\n\n<p class=\"has-text-align-center\">&nbsp;<\/p>\n\n\n\n<p><\/p>","protected":false},"excerpt":{"rendered":"<p>&nbsp; Clique aqui para aceder ao website da C\u00e2mara Municipal de Vila do Conde Clique aqui para aceder \u00e0 not\u00edcia &#8220;Os her\u00f3is nas paredes de Vila do Conde&#8221;, publicada no P3, a 18 de maio de 2017 &nbsp;<\/p>","protected":false},"author":1,"featured_media":0,"comment_status":"open","ping_status":"open","sticky":false,"template":"","format":"standard","meta":{"_monsterinsights_skip_tracking":false,"_monsterinsights_sitenote_active":false,"_monsterinsights_sitenote_note":"","_monsterinsights_sitenote_category":0,"_jetpack_memberships_contains_paid_content":false,"footnotes":""},"categories":[16],"tags":[],"class_list":["post-144","post","type-post","status-publish","format-standard","hentry","category-rota-de-vila-do-conde"],"jetpack_featured_media_url":"","jetpack_sharing_enabled":true,"_links":{"self":[{"href":"https:\/\/streetartcei.com\/en\/wp-json\/wp\/v2\/posts\/144","targetHints":{"allow":["GET"]}}],"collection":[{"href":"https:\/\/streetartcei.com\/en\/wp-json\/wp\/v2\/posts"}],"about":[{"href":"https:\/\/streetartcei.com\/en\/wp-json\/wp\/v2\/types\/post"}],"author":[{"embeddable":true,"href":"https:\/\/streetartcei.com\/en\/wp-json\/wp\/v2\/users\/1"}],"replies":[{"embeddable":true,"href":"https:\/\/streetartcei.com\/en\/wp-json\/wp\/v2\/comments?post=144"}],"version-history":[{"count":6,"href":"https:\/\/streetartcei.com\/en\/wp-json\/wp\/v2\/posts\/144\/revisions"}],"predecessor-version":[{"id":14755,"href":"https:\/\/streetartcei.com\/en\/wp-json\/wp\/v2\/posts\/144\/revisions\/14755"}],"wp:attachment":[{"href":"https:\/\/streetartcei.com\/en\/wp-json\/wp\/v2\/media?parent=144"}],"wp:term":[{"taxonomy":"category","embeddable":true,"href":"https:\/\/streetartcei.com\/en\/wp-json\/wp\/v2\/categories?post=144"},{"taxonomy":"post_tag","embeddable":true,"href":"https:\/\/streetartcei.com\/en\/wp-json\/wp\/v2\/tags?post=144"}],"curies":[{"name":"wp","href":"https:\/\/api.w.org\/{rel}","templated":true}]}}